{"id":101209,"date":"2021-03-24T10:38:48","date_gmt":"2021-03-24T10:38:48","guid":{"rendered":"https:\/\/dimensionturistica.com\/es\/?p=101209"},"modified":"2021-03-24T10:38:48","modified_gmt":"2021-03-24T10:38:48","slug":"garamendi-prefiero-una-compania-con-ocho-trabajadores-que-una-cerrada-con-diez-companias","status":"publish","type":"post","link":"https:\/\/dimensionturistica.com\/es\/garamendi-prefiero-una-compania-con-ocho-trabajadores-que-una-cerrada-con-diez-companias\/","title":{"rendered":"Garamendi: \u201cPrefiero una compa\u00f1\u00eda con ocho trabajadores que una cerrada con diez\u201d | Compa\u00f1\u00edas"},"content":{"rendered":"<p> <br \/>\n<\/p>\n<div id=\"cuerpo_noticia\" itemprop=\"articleBody\">\n<p>Hoteles, aerol\u00edneas, autobuses y agencias de viajes han lanzado esta ma\u00f1ana un mensaje inequ\u00edvoco. \u201cHay que sobrevivir con ayudas directas y ERTE hasta que se reactive la demanda y es vital que se lancen bonos de viaje para fomentar la demanda dom\u00e9stica en verano\u201d, asegur\u00f3 <strong>Mar de Miguel, secretaria basic de la Asociaci\u00f3n Empresarial Hotelera de Madrid<\/strong> en la primera sesi\u00f3n del I Foro de Turismo de CEOE. Una reactivaci\u00f3n de la demanda que solo llegar\u00e1, tal y como coincidieron los presidentes de las patronales, si se acelera la vacunaci\u00f3n y se implementa el pasaporte sanitario para que los turistas puedan desplazarse con seguridad este verano.<\/p>\n<p>En la inauguraci\u00f3n, <strong>el presidente de CEOE, Antonio Garamendi<\/strong>, resalt\u00f3 que en breve tocar\u00e1 volver a negociar una nueva renovaci\u00f3n de los ERTE, en el que las empresas tur\u00edsticas representan casi la mitad de los empleos suspendidos. \u201cYa los hemos renovado cuatro veces y ahora tenemos que lograr que se alarguen hasta diciembre. La situaci\u00f3n ahora es diferente, ya que el problema es de solvencia y no de liquidez. O se capitalizan las empresas o va a ser muy dif\u00edcil que devolvamos nada de lo que hemos pedido\u201d, recalc\u00f3.<\/p>\n<section class=\"sumario_html centro\" id=\"sumario_1|html\">\n<a rel=\"nofollow noopener\" target=\"_blank\" name=\"sumario_1\"><\/p>\n<div class=\"sumario__interior\">\n<div class=\"sumario-texto\">\n<p class=\"texto_grande\">Las patronales piden ampliar los ERTE hasta diciembre y ayudas directas para sobrevivir<\/p>\n<\/div>\n<\/div>\n<\/section>\n<p>Garamendi hizo especial \u00e9nfasis en la necesidad de eliminar la cl\u00e1usula de mantenimiento del empleo en los ERTE de fuerza mayor. \u201cPrefiero una compa\u00f1\u00eda con ocho trabajadores que una cerrada con diez\u201d, recalc\u00f3 el presidente de CEOE, que en la \u00faltima renovaci\u00f3n de los ERTE propuso tambi\u00e9n sin \u00e9xito esa supresi\u00f3n.<\/p>\n<p>Todos los ponentes coincidieron en que la recuperaci\u00f3n de la demanda ser\u00e1 abrupta, pero que solo llegar\u00e1 con un nivel adecuado de vacunaci\u00f3n y con un plan de reactivaci\u00f3n claro para evitar confusiones. \u201cTenemos vacunas, PCR, ant\u00edgenos y la certidumbre de que la gente quiere viajar. Ahora lo que nos falta es tener una receta para cocinar todos esos ingredientes: cuando se va a empezar a recuperar la movilidad, cu\u00e1ndo se van a abrir las fronteras y qu\u00e9 indicadores se van a utilizar\u201d, se\u00f1al\u00f3 <strong>Sergio Fern\u00e1ndez, director de Aeropuertos, Pasajeros, Cargo y Seguridad de IATA Europa.<\/strong><\/p>\n<\/div>\n\n<p><em> &#8221; Fuentes cincodias.elpais.com &#8221; <\/em><\/p>\n","protected":false},"excerpt":{"rendered":"<p>Hoteles, aerol\u00edneas, autobuses y agencias de viajes han lanzado esta ma\u00f1ana un mensaje inequ\u00edvoco. \u201cHay que sobrevivir con ayudas directas y ERTE hasta que se reactive la demanda y es vital que se lancen bonos de viaje para fomentar la demanda dom\u00e9stica en verano\u201d, asegur\u00f3 Mar de Miguel, secretaria basic de la Asociaci\u00f3n Empresarial Hotelera [&hellip;]<\/p>\n","protected":false},"author":4,"featured_media":101210,"comment_status":"open","ping_status":"closed","sticky":false,"template":"","format":"standard","meta":{"om_disable_all_campaigns":false,"jnews-multi-image_gallery":[],"jnews_single_post":[],"jnews_primary_category":[],"jnews_social_meta":[],"footnotes":""},"categories":[40],"tags":[15809,1257,10121,1808,3206,617,20630,4165,5680,1967,3708,544,1597,681],"class_list":["post-101209","post","type-post","status-publish","format-standard","has-post-thumbnail","hentry","category-industria","tag-acelerar","tag-bono","tag-cerrada","tag-compania","tag-diez","tag-exigir","tag-garamendi-prefiero","tag-normalidad","tag-ocho","tag-recuperar","tag-trabajador","tag-turismo","tag-vacuna","tag-viaje"],"_links":{"self":[{"href":"https:\/\/dimensionturistica.com\/es\/wp-json\/wp\/v2\/posts\/101209","targetHints":{"allow":["GET"]}}],"collection":[{"href":"https:\/\/dimensionturistica.com\/es\/wp-json\/wp\/v2\/posts"}],"about":[{"href":"https:\/\/dimensionturistica.com\/es\/wp-json\/wp\/v2\/types\/post"}],"author":[{"embeddable":true,"href":"https:\/\/dimensionturistica.com\/es\/wp-json\/wp\/v2\/users\/4"}],"replies":[{"embeddable":true,"href":"https:\/\/dimensionturistica.com\/es\/wp-json\/wp\/v2\/comments?post=101209"}],"version-history":[{"count":0,"href":"https:\/\/dimensionturistica.com\/es\/wp-json\/wp\/v2\/posts\/101209\/revisions"}],"wp:featuredmedia":[{"embeddable":true,"href":"https:\/\/dimensionturistica.com\/es\/wp-json\/wp\/v2\/media\/101210"}],"wp:attachment":[{"href":"https:\/\/dimensionturistica.com\/es\/wp-json\/wp\/v2\/media?parent=101209"}],"wp:term":[{"taxonomy":"category","embeddable":true,"href":"https:\/\/dimensionturistica.com\/es\/wp-json\/wp\/v2\/categories?post=101209"},{"taxonomy":"post_tag","embeddable":true,"href":"https:\/\/dimensionturistica.com\/es\/wp-json\/wp\/v2\/tags?post=101209"}],"curies":[{"name":"wp","href":"https:\/\/api.w.org\/{rel}","templated":true}]}}