{"id":1011504,"date":"2025-07-16T16:52:02","date_gmt":"2025-07-16T16:52:02","guid":{"rendered":"https:\/\/dimensionturistica.com\/es\/?p=1011504"},"modified":"2025-07-16T16:52:02","modified_gmt":"2025-07-16T16:52:02","slug":"el-estilo-de-cabello-en-capas-largas-de-los-90-que-favorece-a-quienes-tienen-rostro-redondo","status":"publish","type":"post","link":"https:\/\/dimensionturistica.com\/es\/el-estilo-de-cabello-en-capas-largas-de-los-90-que-favorece-a-quienes-tienen-rostro-redondo\/","title":{"rendered":"El estilo de cabello en capas largas de los 90 que favorece a quienes tienen rostro redondo"},"content":{"rendered":"<p><strong>Reviviendo los 90: Estilo y Viajes a Trav\u00e9s de la Moda<\/strong><\/p>\n<p>La nostalgia de los a\u00f1os 90 ha dejado una huella indeleble en la cultura pop y, por ende, en las tendencias de moda. Una de las manifestaciones m\u00e1s visibles de este renacimiento es el corte de cabello con capas largas, un dise\u00f1o caracter\u00edstico de aquella d\u00e9cada que ha vuelto a hacerse popular. Este estilo no solo se asocia a un look, sino que tambi\u00e9n evoca momentos y experiencias que muchos valoran en su memoria. \u00bfTe imaginas explorar lugares emblem\u00e1ticos de los 90 con un corte que te haga sentir parte de esa \u00e9poca?<\/p>\n<p>Imagina un viaje a los \u00c1ngeles, donde las calles de Hollywood y Silver Lake vibran al ritmo de la cultura pop. Con tu nuevo corte, te mezclar\u00edas con los locales que tambi\u00e9n eligen adoptar este peinado que, a pesar de los a\u00f1os, sigue siendo sin\u00f3nimo de frescura y libertad. El glamour de los 90 se reencarna en cada esquina, desde los caf\u00e9s donde sol\u00edan reunirse las estrellas hasta las boutiques vintage que exhiben ropa que parece sacada de un videoclip. <\/p>\n<p>Parar en el m\u00edtico Sunset Boulevard, un paseo que te llevar\u00e1 a revivir las noches de fiesta y los conciertos de las bandas m\u00e1s ic\u00f3nicas. Cada rinc\u00f3n tiene una historia que contar, y tu look se convierte en un tributo a una \u00e9poca divertida y desenfadada. Sin duda, las selfies en estos escenarios son imprescindibles, aderezadas con un toque retro que resuena en las redes sociales.<\/p>\n<p>Ning\u00fan viaje a los 90 estar\u00eda completo sin una visita a Nueva York. Paseando por SoHo o el East Village, puedes sentir el pulso de una ciudad que nunca olvida su pasado. Aqu\u00ed, las galer\u00edas de arte y las tiendas de discos son paradas obligatorias para quienes buscan autenticidad. Con tu corte de capas largas, ser\u00e1s parte de esta mezcla cultural, donde el arte, la moda y la m\u00fasica convergen.<\/p>\n<p>Al mismo tiempo, este estilo de cabello invita a explorar la creatividad personal. Las capas permiten experimentar con diferentes looks, desde desenfrenados hasta elegantes, lo que lo convierte en un acompa\u00f1ante perfecto para aventuras por el mundo. Los flequillos, por ejemplo, ofrecen una forma de jugar con tu imagen, d\u00e1ndote el toque ideal para cualquier ocasi\u00f3n. <\/p>\n<p>La combinaci\u00f3n de viaje y moda no solo enriquece tu experiencia, sino que tambi\u00e9n te conecta con una comunidad m\u00e1s amplia de quienes tambi\u00e9n est\u00e1n buscando recuperar ese esp\u00edritu libre y aut\u00e9ntico de los 90. De la misma forma que actrices y m\u00fasicos de la \u00e9poca definieron tendencias, hoy t\u00fa puedes ser parte de esa historia.<\/p>\n<p>Por lo tanto, al planificar tu pr\u00f3xima escapada, considera un itinerario que rinda homenaje a los a\u00f1os noventa. Desde los salones de belleza que ofrecen transiciones modernas del cl\u00e1sico estilo de capas, hasta los destinos que vibran con la energ\u00eda de la \u00e9poca, cada detalle te permitir\u00e1 revivir la esencia de esos a\u00f1os dorados. As\u00ed, no solo actualizar\u00e1s tu armario y tu cabello, sino que tambi\u00e9n llenar\u00e1s tu vida de recuerdos y experiencias que te acompa\u00f1ar\u00e1n mucho despu\u00e9s de que regreses de tu aventura. En definitiva, la moda y los viajes no son solo una combinaci\u00f3n est\u00e9tica, sino una forma de contar la historia de tu vida y tu evoluci\u00f3n personal. \u00a1Listo para dar el salto a los 90?<\/p>\n<p><em> &#8221; Sources www.vogue.mx &#8221; <\/em><\/p>\n<p><em> &#8221; Fuentes www.vogue.mx &#8221; <\/em><\/p>\n","protected":false},"excerpt":{"rendered":"<p>Reviviendo los 90: Estilo y Viajes a Trav\u00e9s de la Moda La nostalgia de los a\u00f1os 90 ha dejado una huella indeleble en la cultura pop y, por ende, en las tendencias de moda. Una de las manifestaciones m\u00e1s visibles de este renacimiento es el corte de cabello con capas largas, un dise\u00f1o caracter\u00edstico de [&hellip;]<\/p>\n","protected":false},"author":4,"featured_media":1011505,"comment_status":"open","ping_status":"closed","sticky":false,"template":"","format":"standard","meta":{"om_disable_all_campaigns":false,"jnews-multi-image_gallery":[],"jnews_single_post":[],"jnews_primary_category":[],"jnews_social_meta":[],"footnotes":""},"categories":[144872],"tags":[138368,3381,236193,201310,7758,223516,86836,236194,101300,22873],"class_list":["post-1011504","post","type-post","status-publish","format-standard","has-post-thumbnail","hentry","category-fashion","tag-anos-90","tag-belleza","tag-cabello-en-capas","tag-corte-de-cabello","tag-estilo","tag-looks-de-celebridades","tag-pelo-largo","tag-rostros-redondos","tag-selena-gomez","tag-tendencias-de-moda"],"_links":{"self":[{"href":"https:\/\/dimensionturistica.com\/es\/wp-json\/wp\/v2\/posts\/1011504","targetHints":{"allow":["GET"]}}],"collection":[{"href":"https:\/\/dimensionturistica.com\/es\/wp-json\/wp\/v2\/posts"}],"about":[{"href":"https:\/\/dimensionturistica.com\/es\/wp-json\/wp\/v2\/types\/post"}],"author":[{"embeddable":true,"href":"https:\/\/dimensionturistica.com\/es\/wp-json\/wp\/v2\/users\/4"}],"replies":[{"embeddable":true,"href":"https:\/\/dimensionturistica.com\/es\/wp-json\/wp\/v2\/comments?post=1011504"}],"version-history":[{"count":0,"href":"https:\/\/dimensionturistica.com\/es\/wp-json\/wp\/v2\/posts\/1011504\/revisions"}],"wp:featuredmedia":[{"embeddable":true,"href":"https:\/\/dimensionturistica.com\/es\/wp-json\/wp\/v2\/media\/1011505"}],"wp:attachment":[{"href":"https:\/\/dimensionturistica.com\/es\/wp-json\/wp\/v2\/media?parent=1011504"}],"wp:term":[{"taxonomy":"category","embeddable":true,"href":"https:\/\/dimensionturistica.com\/es\/wp-json\/wp\/v2\/categories?post=1011504"},{"taxonomy":"post_tag","embeddable":true,"href":"https:\/\/dimensionturistica.com\/es\/wp-json\/wp\/v2\/tags?post=1011504"}],"curies":[{"name":"wp","href":"https:\/\/api.w.org\/{rel}","templated":true}]}}