{"id":1010041,"date":"2025-07-14T14:19:18","date_gmt":"2025-07-14T14:19:18","guid":{"rendered":"https:\/\/dimensionturistica.com\/es\/?p=1010041"},"modified":"2025-07-14T14:19:18","modified_gmt":"2025-07-14T14:19:18","slug":"muchos-de-nosotros-terminaremos-sin-hogar","status":"publish","type":"post","link":"https:\/\/dimensionturistica.com\/es\/muchos-de-nosotros-terminaremos-sin-hogar\/","title":{"rendered":"Muchos de nosotros terminaremos sin hogar."},"content":{"rendered":"<h3>La Revoluci\u00f3n del Transporte en C\u00f3rdoba: Una Mirada a la Movilizaci\u00f3n de Choferes de Apps de Viajes<\/h3>\n<p>C\u00f3rdoba, una de las provincias m\u00e1s vibrantes de Argentina, no solo es conocida por su rica herencia cultural y su belleza natural, sino tambi\u00e9n por ser un centro neur\u00e1lgico del transporte alternativo. En este contexto, los choferes de aplicaciones de viajes han venido experimentando una creciente movilizaci\u00f3n en busca de mejores condiciones laborales, un fen\u00f3meno que no solo afecta a los trabajadores, sino tambi\u00e9n a los miles de turistas que dependen de estos servicios para moverse en la ciudad.<\/p>\n<h4>Contexto Actual<\/h4>\n<p>Los choferes de aplicaciones de viajes han alzado la voz ante lo que consideran injusticias en el sistema. Las tarifas cada vez m\u00e1s reducidas y la falta de regulaci\u00f3n han puesto en jaque la viabilidad econ\u00f3mica de muchos de ellos. Su exigencia es clara: un modelo sustentable que reconozca sus necesidades y les brinde las garant\u00edas necesarias para operar de manera digna.<\/p>\n<p>Este reclamo no es aislado. En el \u00faltimo a\u00f1o, m\u00faltiples ciudades han visto c\u00f3mo los trabajadores de este sector se organizan para hacer escuchar sus demandas. En C\u00f3rdoba, la situaci\u00f3n ha tomado un cariz especial, ya que muchos choferes aseguran que, si las condiciones laborales no mejoran, se ver\u00e1n obligados a abandonar una profesi\u00f3n que, en muchos casos, es su \u00fanica fuente de ingresos.<\/p>\n<h4>Impacto en el Turismo<\/h4>\n<p>La movilizaci\u00f3n de los choferes tiene implicaciones directas para el turismo en la ciudad. Para los visitantes, sanear sus viajes es esencial, y muchos dependen de estas aplicaciones para explorar C\u00f3rdoba, disfrutar de su gastronom\u00eda y conocer sus atractivos tur\u00edsticos. Un sistema de transporte ineficiente o inestable podr\u00eda afectar la experiencia del turista, llevando a una posible disminuci\u00f3n en la llegada de visitantes que, a su vez, impactar\u00eda negativamente en la econom\u00eda local.<\/p>\n<p>Los turistas que prefieren las aplicaciones suelen buscarlas por su comodidad y la posibilidad de obtener informaci\u00f3n en tiempo real sobre tarifas y tiempos de espera. Ante una baja en la calidad de estos servicios, podr\u00edan optar por alternativas menos c\u00f3modas, como el transporte p\u00fablico o taxis tradicionales, lo que cambiar\u00eda el paisaje del transporte en la ciudad.<\/p>\n<h4>Una Oportunidad para el Cambio<\/h4>\n<p>Sin embargo, la movilizaci\u00f3n tambi\u00e9n puede ser vista como una oportunidad para fomentar un cambio positivo en el sector. La conversaci\u00f3n que est\u00e1n generando los choferes pone de relieve la necesidad de una regulaci\u00f3n que no s\u00f3lo favorezca a las plataformas, sino que tambi\u00e9n proteja los derechos de quienes trabajan a trav\u00e9s de ellas. Este di\u00e1logo podr\u00eda abrir las puertas a soluciones innovadoras, que beneficien tanto a los choferes como a los pasajeros.<\/p>\n<p>La colaboraci\u00f3n entre las diferentes partes interesadas es esencial. Las autoridades locales podr\u00edan jugar un papel crucial en la mediaci\u00f3n de estos conflictos, asegur\u00e1ndose de que la voz de los choferes sea escuchada y considerada en la toma de decisiones. Esto no solo mejorar\u00eda las condiciones laborales, sino que tambi\u00e9n enriquecer\u00eda la experiencia del visitante, creando un sistema de transporte m\u00e1s equitativo y eficiente.<\/p>\n<h4>Conclusi\u00f3n<\/h4>\n<p>El panorama del transporte en C\u00f3rdoba est\u00e1 en un punto de inflexi\u00f3n. A medida que los choferes de aplicaciones de viajes buscan defender sus derechos, el futuro del turismo en la ciudad depende de c\u00f3mo se manejen estas reivindicaciones. En un mundo donde la movilidad es clave para el desarrollo, tanto los trabajadores como los turistas tienen un papel fundamental en la evoluci\u00f3n de este sistema.<\/p>\n<p>En \u00faltima instancia, el bienestar de los choferes se traduce en un mejor servicio para los visitantes, y esa es una lecci\u00f3n que todos los involucrados deben recordar mientras avanzan hacia un futuro m\u00e1s justo y pr\u00f3spero. C\u00f3rdoba merece un transporte digno que refleje su posici\u00f3n como un destino tur\u00edstico vibrante y din\u00e1mico.<\/p>\n<p><em> &#8221; Sources hoydia.com.ar &#8221; <\/em><\/p>\n<p><em> &#8221; Fuentes hoydia.com.ar &#8221; <\/em><\/p>\n","protected":false},"excerpt":{"rendered":"<p>La Revoluci\u00f3n del Transporte en C\u00f3rdoba: Una Mirada a la Movilizaci\u00f3n de Choferes de Apps de Viajes C\u00f3rdoba, una de las provincias m\u00e1s vibrantes de Argentina, no solo es conocida por su rica herencia cultural y su belleza natural, sino tambi\u00e9n por ser un centro neur\u00e1lgico del transporte alternativo. En este contexto, los choferes de [&hellip;]<\/p>\n","protected":false},"author":4,"featured_media":1010042,"comment_status":"open","ping_status":"closed","sticky":false,"template":"","format":"standard","meta":{"om_disable_all_campaigns":false,"jnews-multi-image_gallery":[],"jnews_single_post":[],"jnews_primary_category":[],"jnews_social_meta":[],"footnotes":""},"categories":[39],"tags":[9899,3991,779,1366,178358,1458,180312,1907,12569,225131],"class_list":["post-1010041","post","type-post","status-publish","format-standard","has-post-thumbnail","hentry","category-viajes","tag-bienestar","tag-calle","tag-crisis-economica","tag-desempleo","tag-desigualdad","tag-pobreza","tag-politicas-publicas","tag-sociedad","tag-vivienda","tag-vulnerabilidad"],"_links":{"self":[{"href":"https:\/\/dimensionturistica.com\/es\/wp-json\/wp\/v2\/posts\/1010041","targetHints":{"allow":["GET"]}}],"collection":[{"href":"https:\/\/dimensionturistica.com\/es\/wp-json\/wp\/v2\/posts"}],"about":[{"href":"https:\/\/dimensionturistica.com\/es\/wp-json\/wp\/v2\/types\/post"}],"author":[{"embeddable":true,"href":"https:\/\/dimensionturistica.com\/es\/wp-json\/wp\/v2\/users\/4"}],"replies":[{"embeddable":true,"href":"https:\/\/dimensionturistica.com\/es\/wp-json\/wp\/v2\/comments?post=1010041"}],"version-history":[{"count":0,"href":"https:\/\/dimensionturistica.com\/es\/wp-json\/wp\/v2\/posts\/1010041\/revisions"}],"wp:featuredmedia":[{"embeddable":true,"href":"https:\/\/dimensionturistica.com\/es\/wp-json\/wp\/v2\/media\/1010042"}],"wp:attachment":[{"href":"https:\/\/dimensionturistica.com\/es\/wp-json\/wp\/v2\/media?parent=1010041"}],"wp:term":[{"taxonomy":"category","embeddable":true,"href":"https:\/\/dimensionturistica.com\/es\/wp-json\/wp\/v2\/categories?post=1010041"},{"taxonomy":"post_tag","embeddable":true,"href":"https:\/\/dimensionturistica.com\/es\/wp-json\/wp\/v2\/tags?post=1010041"}],"curies":[{"name":"wp","href":"https:\/\/api.w.org\/{rel}","templated":true}]}}