{"id":1007405,"date":"2025-07-09T19:23:48","date_gmt":"2025-07-09T19:23:48","guid":{"rendered":"https:\/\/dimensionturistica.com\/es\/?p=1007405"},"modified":"2025-07-09T19:23:48","modified_gmt":"2025-07-09T19:23:48","slug":"regreso-de-los-6-estilos-iconicos-de-pantalones-cortos-de-los-2000-para-el-verano-2025","status":"publish","type":"post","link":"https:\/\/dimensionturistica.com\/es\/regreso-de-los-6-estilos-iconicos-de-pantalones-cortos-de-los-2000-para-el-verano-2025\/","title":{"rendered":"Regreso de los 6 estilos ic\u00f3nicos de pantalones cortos de los 2000 para el verano 2025"},"content":{"rendered":"<p><strong>Reviviendo la moda veraniega: Pantalones cortos de los 2000 que marcan tendencia en 2025<\/strong><\/p>\n<p>A medida que el verano se acerca, la moda vuelve a mirar hacia el pasado para inspirarse en uno de sus per\u00edodos m\u00e1s memorables: los a\u00f1os 2000. Un s\u00edmbolo de esa \u00e9poca son, sin duda, los pantalones cortos. Este estilo, que alguna vez fue estigmatizado, regresa con fuerza, convirti\u00e9ndose en una prenda imprescindible para disfrutar del calor estival con estilo.<\/p>\n<h3>La fiebre de los 2000<\/h3>\n<p>La moda de los 2000 se caracteriza por su eclecticismo, donde se mezclaban materiales, estampados y colores audaces. Este verano, los pantalones cortos se presentan en una variedad de estilos, desde los cl\u00e1sico cargo hasta los denim desflecados, convirti\u00e9ndose en piezas vers\u00e1tiles que pueden adaptarse a cualquier ocasi\u00f3n.<\/p>\n<h3>C\u00f3mo combinar los pantalones cortos de los 2000<\/h3>\n<p>La clave para llevar esta tendencia con gracia es saber c\u00f3mo integrarla con modernidad. Aqu\u00ed algunos consejos:<\/p>\n<ol>\n<li>\n<p><strong>Con camisetas cropped<\/strong>: Las camisetas cortas son perfectas para equilibrar la proporci\u00f3n de los pantalones. Opta por colores neutros o estampados vibrantes que te hagan destacar.<\/p>\n<\/li>\n<li>\n<p><strong>Incorpora chaquetas de sobrecamisa<\/strong>: Una sobrecamisa ligera puede darle un toque urbano a tu conjunto. Ya sea en denim o en tejido de sarga, ser\u00e1 el complemento perfecto para las noches frescas.<\/p>\n<\/li>\n<li>\n<p><strong>Apostar por calzado atrevido<\/strong>: Los zapatos de plataforma o sandalias chunky son ideales para complementar este look, d\u00e1ndole un giro contempor\u00e1neo que recuerda a los looks de la \u00e9poca.<\/p>\n<\/li>\n<li>\n<p><strong>Accesorios llamativos<\/strong>: No dudes en agregar una ri\u00f1onera o unos pendientes exagerados. Los accesorios son fundamentales para dar ese toque final a tu outfit.<\/p>\n<\/li>\n<\/ol>\n<h3>Un verano sostenible<\/h3>\n<p>La moda no solo se trata de estilo, sino tambi\u00e9n de conciencia. Al optar por prendas vintage o de segunda mano, no solo realzas tu look veraniego, sino que tambi\u00e9n contribuyes a un consumo m\u00e1s responsable. Muchas tiendas especializadas han comenzado a ofrecer r\u00e9plicas de los ic\u00f3nicos dise\u00f1os de los 2000, permiti\u00e9ndote estar a la moda sin comprometer tus valores.<\/p>\n<h3>Conclusi\u00f3n<\/h3>\n<p>Este verano, los pantalones cortos de los 2000 no solo est\u00e1n de vuelta; se han convertido en una declaraci\u00f3n de estilo que tambi\u00e9n celebra la diversidad y la individualidad. Adentr\u00e1ndote en esta tendencia, no solo revives un aspecto nost\u00e1lgico, sino que tambi\u00e9n te permites experimentar con tu propio estilo. La moda, al fin y al cabo, es un reflejo de nuestro tiempo y, este verano, su mirada hacia el pasado est\u00e1 destinada a iluminar el presente. \u00a1Prep\u00e1rate para un verano lleno de estilo y frescura!<\/p>\n<p><em> &#8221; Sources www.vogue.mx &#8221; <\/em><\/p>\n<p><em> &#8221; Fuentes www.vogue.mx &#8221; <\/em><\/p>\n","protected":false},"excerpt":{"rendered":"<p>Reviviendo la moda veraniega: Pantalones cortos de los 2000 que marcan tendencia en 2025 A medida que el verano se acerca, la moda vuelve a mirar hacia el pasado para inspirarse en uno de sus per\u00edodos m\u00e1s memorables: los a\u00f1os 2000. Un s\u00edmbolo de esa \u00e9poca son, sin duda, los pantalones cortos. Este estilo, que [&hellip;]<\/p>\n","protected":false},"author":4,"featured_media":1007406,"comment_status":"open","ping_status":"closed","sticky":false,"template":"","format":"standard","meta":{"om_disable_all_campaigns":false,"jnews-multi-image_gallery":[],"jnews_single_post":[],"jnews_primary_category":[],"jnews_social_meta":[],"footnotes":""},"categories":[144872],"tags":[7758,206179,200615,217099,200499,220145,200334,234768,35651,212830,2182,116229],"class_list":["post-1007405","post","type-post","status-publish","format-standard","has-post-thumbnail","hentry","category-fashion","tag-estilo","tag-looks-de-verano","tag-moda-2000","tag-moda-vintage","tag-pantalones","tag-pantalones-cortos","tag-primavera-verano-2025","tag-regreso-de-los-2000","tag-retro","tag-ropa-de-verano","tag-tendencias","tag-verano-2025"],"_links":{"self":[{"href":"https:\/\/dimensionturistica.com\/es\/wp-json\/wp\/v2\/posts\/1007405","targetHints":{"allow":["GET"]}}],"collection":[{"href":"https:\/\/dimensionturistica.com\/es\/wp-json\/wp\/v2\/posts"}],"about":[{"href":"https:\/\/dimensionturistica.com\/es\/wp-json\/wp\/v2\/types\/post"}],"author":[{"embeddable":true,"href":"https:\/\/dimensionturistica.com\/es\/wp-json\/wp\/v2\/users\/4"}],"replies":[{"embeddable":true,"href":"https:\/\/dimensionturistica.com\/es\/wp-json\/wp\/v2\/comments?post=1007405"}],"version-history":[{"count":0,"href":"https:\/\/dimensionturistica.com\/es\/wp-json\/wp\/v2\/posts\/1007405\/revisions"}],"wp:featuredmedia":[{"embeddable":true,"href":"https:\/\/dimensionturistica.com\/es\/wp-json\/wp\/v2\/media\/1007406"}],"wp:attachment":[{"href":"https:\/\/dimensionturistica.com\/es\/wp-json\/wp\/v2\/media?parent=1007405"}],"wp:term":[{"taxonomy":"category","embeddable":true,"href":"https:\/\/dimensionturistica.com\/es\/wp-json\/wp\/v2\/categories?post=1007405"},{"taxonomy":"post_tag","embeddable":true,"href":"https:\/\/dimensionturistica.com\/es\/wp-json\/wp\/v2\/tags?post=1007405"}],"curies":[{"name":"wp","href":"https:\/\/api.w.org\/{rel}","templated":true}]}}