{"id":100664,"date":"2021-03-23T16:57:39","date_gmt":"2021-03-23T16:57:39","guid":{"rendered":"https:\/\/dimensionturistica.com\/es\/?p=100664"},"modified":"2021-03-23T16:57:39","modified_gmt":"2021-03-23T16:57:39","slug":"los-gracioseros-satisfechos-con-la-rectificacion-gubernamental-para-los-viajes-en-semana-santa","status":"publish","type":"post","link":"https:\/\/dimensionturistica.com\/es\/los-gracioseros-satisfechos-con-la-rectificacion-gubernamental-para-los-viajes-en-semana-santa\/","title":{"rendered":"Los gracioseros, satisfechos con la rectificaci\u00f3n gubernamental para los viajes en semana Santa"},"content":{"rendered":"<p> <br \/>\n<\/p>\n<div>\n<p>                <span itemprop=\"articleBody\"><\/p>\n<p><strong>\u00a0<\/p>\n<div class=\"jeg_video_container jeg_video_content\"><iframe loading=\"lazy\" title=\"La Graciosa recibe con agrado la rectificaci\u00f3n del gobierno para los viajes en semana Santa\" width=\"500\" height=\"281\" src=\"https:\/\/www.youtube.com\/embed\/jhMPZzN63jY?feature=oembed\" frameborder=\"0\" allow=\"accelerometer; autoplay; clipboard-write; encrypted-media; gyroscope; picture-in-picture; web-share\" referrerpolicy=\"strict-origin-when-cross-origin\" allowfullscreen><\/iframe><\/div>\n<p><\/strong><\/p>\n<p>&#13;<\/p>\n<p><strong>Se hab\u00edan suspendido m\u00e1s de la mitad de las reservas ante las exigencias de PCR que ahora se han recuperado<\/strong><\/p>\n<p>&#13;<br \/>\n &#13;<\/p>\n<p>\u00a0<\/p>\n<p>&#13;<\/p>\n<li class=\"texto\"><i class=\"fa fa-file-text-o\"\/>Lancelot Digital<\/li>\n<p>\u00a0&#13;<\/p>\n<p>\u00a0<\/p>\n<p>&#13;<\/p>\n<p>Rectificar es de sabios. Finalmente, los lanzarote\u00f1os se podr\u00e1n desplazar a la isla de La Graciosa en Semana Santa sin pruebas de checks negativos en Covid 19, como inicialmente hab\u00edan decretado.<\/p>\n<p>&#13;<\/p>\n<p>\u00a0<\/p>\n<p>&#13;<\/p>\n<p>Posiblemente la presi\u00f3n ejercida por los propios gracioseros y el alcalde y parlamentario de Teguise, Oswaldo Betancort, hizo reflexionar al Ejecutivo canario y dar marcha atr\u00e1s. El armador de L\u00edneas Romero, Federico Romero, valoraba positivamente la correcci\u00f3n realizada por el Gobierno de Canarias ayer tarde. \u201cAyer recibimos satisfechos la noticia de que todas las personas que est\u00e9n en Lanzarote, no s\u00f3lo los residentes, sino tambi\u00e9n los que est\u00e9n en la isla y hayan pasado ya el filtro del aeropuerto o del puerto, pueden viajar a La Graciosa\u201d, se\u00f1alaba.<\/p>\n<p>&#13;<\/p>\n<p>\u00a0<\/p>\n<p>&#13;<\/p>\n<p>El Gobierno de Canarias justific\u00f3 el \u201ccambiazo\u201d a que realmente Lanzarote y La Graciosa son la misma \u00e1rea sanitaria.\u00a0 Romero reconoce que de haber exigido PCR o Check de Ant\u00edgenos a los lanzarote\u00f1os hubiera sido un rev\u00e9s importante para la maltrecha econom\u00eda de la isla. \u201cEra una muy mala noticia, en primer lugar porque la gente que va a diario, iba a dejar de hacerlo porque no se iban a pagar una prueba de ant\u00edgenos m\u00e1s el billete, pero tambi\u00e9n hab\u00edan suspendido sus reservas todos los que iban a pasar la Semana Santa a la octava isla, m\u00e1s de la mitad\u201d.<\/p>\n<p>&#13;<\/p>\n<p>\u00a0<\/p>\n<p>&#13;<\/p>\n<p>La esperanza en cualquier caso de los gracioseros de recuperar el turismo perdido ser\u00e1 en verano. \u201cEsa es nuestra esperanza, y la de todos los empresarios de Lanzarote, de Canarias y de toda Espa\u00f1a\u2026 creemos que el verano sea buena y podamos tirar hacia delante, con la vacuna, hacia una cierta normalidad\u201d.<\/p>\n<p>&#13;<\/p>\n<p>\u00a0<\/p>\n<p>&#13;<\/p>\n<p>\u00a0\t\t<\/p>\n<p>\t&#13;<\/p>\n<p>\u00a0<\/p>\n<p>&#13;<\/p>\n<p>En cualquier caso, la confusi\u00f3n por los permanentes cambios en la situaci\u00f3n de alertas y correspondientes restricciones han conseguido que la poblaci\u00f3n canaria dispuesta a viajar entre islas se haya retra\u00eddo hasta el punto que se calcula una ca\u00edda cercana al 20% de los vuelos interinsulares en Canarias.<\/p>\n<p>                    <\/span><\/p><\/div>\n<p><script src=\"https:\/\/connect.facebook.net\/es_ES\/all.js#xfbml=1\" type=\"text\/javascript\"><\/script><script type=\"text\/javascript\">\n\/\/<![CDATA[\n   \twindow.fbAsyncInit = function() {\n\t\tFB.init({ appId: '171342606239806', \n\t\t\tstatus: true, \n\t\t\tcookie: true,\n\t\t\txfbml: true,\n\t\t\toauth: true\n\t\t});\n   \t\t    \n\t  \t\t};\n    \/\/      \n    jQuery(window).load(function() {\n    \t(function(){\n    \t\tif(!document.getElementById('fb-root')) {\n    \t\t\tvar root = document.createElement('div');\n    \t\t\troot.id = 'fb-root';\n    \t\t\tdocument.getElementById('gkfb-root').appendChild(root);\n    \t\t\tvar e = document.createElement('script');\n    \t\t\te.src = document.location.protocol + '\/\/connect.facebook.net\/es_ES\/all.js';\n    \t\t\te.async = true;\n    \t\t\tdocument.getElementById('fb-root').appendChild(e);\n    \t\t}  \n    \t})();\n    });\n    \/\/]]>\n<\/script><br \/>\n<br \/><\/p>\n<p><em> &#8221; Fuentes www.lancelotdigital.com &#8221; <\/em><\/p>\n","protected":false},"excerpt":{"rendered":"<p>\u00a0 &#13; Se hab\u00edan suspendido m\u00e1s de la mitad de las reservas ante las exigencias de PCR que ahora se han recuperado &#13; &#13; \u00a0 &#13; Lancelot Digital \u00a0&#13; \u00a0 &#13; Rectificar es de sabios. Finalmente, los lanzarote\u00f1os se podr\u00e1n desplazar a la isla de La Graciosa en Semana Santa sin pruebas de checks negativos [&hellip;]<\/p>\n","protected":false},"author":4,"featured_media":100665,"comment_status":"open","ping_status":"closed","sticky":false,"template":"","format":"standard","meta":{"om_disable_all_campaigns":false,"jnews-multi-image_gallery":[],"jnews_single_post":[],"jnews_primary_category":[],"jnews_social_meta":[],"footnotes":""},"categories":[39],"tags":[946],"class_list":["post-100664","post","type-post","status-publish","format-standard","has-post-thumbnail","hentry","category-viajes","tag-lancelot-digital-noticias-lanzarote-diario-digital-periodico-canarias-sucesos-deportes-cultura-vida-social-opinion-semanario-revista"],"_links":{"self":[{"href":"https:\/\/dimensionturistica.com\/es\/wp-json\/wp\/v2\/posts\/100664","targetHints":{"allow":["GET"]}}],"collection":[{"href":"https:\/\/dimensionturistica.com\/es\/wp-json\/wp\/v2\/posts"}],"about":[{"href":"https:\/\/dimensionturistica.com\/es\/wp-json\/wp\/v2\/types\/post"}],"author":[{"embeddable":true,"href":"https:\/\/dimensionturistica.com\/es\/wp-json\/wp\/v2\/users\/4"}],"replies":[{"embeddable":true,"href":"https:\/\/dimensionturistica.com\/es\/wp-json\/wp\/v2\/comments?post=100664"}],"version-history":[{"count":0,"href":"https:\/\/dimensionturistica.com\/es\/wp-json\/wp\/v2\/posts\/100664\/revisions"}],"wp:featuredmedia":[{"embeddable":true,"href":"https:\/\/dimensionturistica.com\/es\/wp-json\/wp\/v2\/media\/100665"}],"wp:attachment":[{"href":"https:\/\/dimensionturistica.com\/es\/wp-json\/wp\/v2\/media?parent=100664"}],"wp:term":[{"taxonomy":"category","embeddable":true,"href":"https:\/\/dimensionturistica.com\/es\/wp-json\/wp\/v2\/categories?post=100664"},{"taxonomy":"post_tag","embeddable":true,"href":"https:\/\/dimensionturistica.com\/es\/wp-json\/wp\/v2\/tags?post=100664"}],"curies":[{"name":"wp","href":"https:\/\/api.w.org\/{rel}","templated":true}]}}