{"id":1005467,"date":"2025-07-06T22:34:57","date_gmt":"2025-07-06T22:34:57","guid":{"rendered":"https:\/\/dimensionturistica.com\/es\/?p=1005467"},"modified":"2025-07-06T22:34:57","modified_gmt":"2025-07-06T22:34:57","slug":"consejos-para-disfrutar-al-maximo-tus-vacaciones-de-verano","status":"publish","type":"post","link":"https:\/\/dimensionturistica.com\/es\/consejos-para-disfrutar-al-maximo-tus-vacaciones-de-verano\/","title":{"rendered":"Consejos para disfrutar al m\u00e1ximo tus vacaciones de verano"},"content":{"rendered":"<h3>Disfruta al M\u00e1ximo de tus Vacaciones de Verano<\/h3>\n<p>El verano es esa \u00e9poca anhelada por muchos, donde la rutina diaria se detiene y las posibilidades de aventura se multiplican. Para sacar el m\u00e1ximo provecho a tus vacaciones veraniegas, aqu\u00ed te presentamos algunas recomendaciones que har\u00e1n de tu escape una experiencia inolvidable.<\/p>\n<h4>Planificaci\u00f3n: La Base de una Gran Aventura<\/h4>\n<p>Antes de darle rienda suelta a la espontaneidad, es fundamental dedicar algo de tiempo a planificar. Investiga sobre tu destino: sus atracciones principales, actividades que ofrece y qu\u00e9 estilo de alojamiento se adapta mejor a tus necesidades. Tener un itinerario b\u00e1sico te permitir\u00e1 organizar mejor tu tiempo, pero recuerda dejar espacio para la improvisaci\u00f3n; a menudo son los planes espont\u00e1neos los que se convierten en los recuerdos m\u00e1s entra\u00f1ables.<\/p>\n<h4>Elige el Destino Adecuado<\/h4>\n<p>La elecci\u00f3n del lugar puede marcar la diferencia entre unas vacaciones comunes y una experiencia \u00fanica. \u00bfPrefieres relajarte en una playa paradis\u00edaca, explorar monta\u00f1as majestuosas o sumergirte en la cultura de una ciudad vibrante? Considera tus preferencias y anhelos. Adem\u00e1s, ten en cuenta el clima y la temporada alta para evitar multitudes y precios elevados.<\/p>\n<h4>Empaque Inteligente<\/h4>\n<p>Un buen viaje comienza con un buen equipaje. Haz una lista de lo que realmente necesitas y aseg\u00farate de incluir elementos esenciales como protector solar, ropa c\u00f3moda y adecuada para el clima, y una buena c\u00e1mara para capturar esos momentos especiales. No sobrecargues tus maletas, ya que menos es m\u00e1s.<\/p>\n<h4>Abre tu Mente a Nuevas Experiencias<\/h4>\n<p>El verano es el momento perfecto para salir de tu zona de confort. Prueba una nueva actividad, como el surf, el senderismo o una clase de cocina local. Interact\u00faa con los residentes y permite que te cuenten sobre sus costumbres y tradiciones. Estas vivencias enriquecen tu viaje y te brindan una perspectiva m\u00e1s amplia del mundo.<\/p>\n<h4>Cuida tu Presupuesto<\/h4>\n<p>Es f\u00e1cil dejarse llevar por la emoci\u00f3n y gastar m\u00e1s de lo planeado. Para disfrutar sin remordimientos, establece un presupuesto diario. Investiga sobre restaurantes y actividades gratuitas o de bajo costo en tu destino. Aprovechar los mercados locales o los food trucks puede ofrecerte delicias a un precio m\u00e1s razonable.<\/p>\n<h4>Documenta tu Aventura<\/h4>\n<p>No olvides inmortalizar cada momento de tu viaje. Ya sea a trav\u00e9s de fotograf\u00edas, v\u00eddeos o un diario personal, cada recuerdo es valioso. Al final de tu verano, podr\u00e1s revivir esos instantes y compartir historias fascinantes con amigos y familiares.<\/p>\n<h4>Reflexiona y Disfruta<\/h4>\n<p>Finalmente, recuerda que las vacaciones son para relajarse y desconectar. T\u00f3mate un tiempo para reflexionar, disfrutar de la naturaleza y simplemente ser. Disfruta en cada etapa de tu viaje, desde la planificaci\u00f3n hasta volver a casa, y atesora cada experiencia como un ladrillo en el muro de tus recuerdos.<\/p>\n<p>El verano es una celebraci\u00f3n de la vida y las oportunidades que nos ofrece. Siguiendo estos consejos, asegurar\u00e1s que tus vacaciones sean no solo memorables, sino tambi\u00e9n transformadoras. As\u00ed que prepara tus maletas, el sol y la aventura te esperan. \u00a1Feliz viaje!<\/p>\n<p><em> &#8221; Sources columnadigital.com &#8221; <\/em><\/p>\n<p><em> &#8221; Fuentes columnadigital.com &#8221; <\/em><\/p>\n","protected":false},"excerpt":{"rendered":"<p>Disfruta al M\u00e1ximo de tus Vacaciones de Verano El verano es esa \u00e9poca anhelada por muchos, donde la rutina diaria se detiene y las posibilidades de aventura se multiplican. Para sacar el m\u00e1ximo provecho a tus vacaciones veraniegas, aqu\u00ed te presentamos algunas recomendaciones que har\u00e1n de tu escape una experiencia inolvidable. Planificaci\u00f3n: La Base de [&hellip;]<\/p>\n","protected":false},"author":4,"featured_media":0,"comment_status":"open","ping_status":"closed","sticky":false,"template":"","format":"standard","meta":{"om_disable_all_campaigns":false,"jnews-multi-image_gallery":[],"jnews_single_post":[],"jnews_primary_category":[],"jnews_social_meta":[],"footnotes":""},"categories":[39],"tags":[22978,233985,5977,57481,10875,82365,7402,28228,2925,1610,1979,1381,544,1861,2873,545],"class_list":["post-1005467","post","type-post","status-publish","format-standard","hentry","category-viajes","tag-actividades-al-aire-libre","tag-columna-digital","tag-consejos","tag-consejos-utiles","tag-descanso","tag-dimension-turistica","tag-disfrutar","tag-magazine","tag-ocio","tag-planificacion","tag-recomendaciones","tag-tips","tag-turismo","tag-vacaciones","tag-verano","tag-viajes"],"_links":{"self":[{"href":"https:\/\/dimensionturistica.com\/es\/wp-json\/wp\/v2\/posts\/1005467","targetHints":{"allow":["GET"]}}],"collection":[{"href":"https:\/\/dimensionturistica.com\/es\/wp-json\/wp\/v2\/posts"}],"about":[{"href":"https:\/\/dimensionturistica.com\/es\/wp-json\/wp\/v2\/types\/post"}],"author":[{"embeddable":true,"href":"https:\/\/dimensionturistica.com\/es\/wp-json\/wp\/v2\/users\/4"}],"replies":[{"embeddable":true,"href":"https:\/\/dimensionturistica.com\/es\/wp-json\/wp\/v2\/comments?post=1005467"}],"version-history":[{"count":0,"href":"https:\/\/dimensionturistica.com\/es\/wp-json\/wp\/v2\/posts\/1005467\/revisions"}],"wp:attachment":[{"href":"https:\/\/dimensionturistica.com\/es\/wp-json\/wp\/v2\/media?parent=1005467"}],"wp:term":[{"taxonomy":"category","embeddable":true,"href":"https:\/\/dimensionturistica.com\/es\/wp-json\/wp\/v2\/categories?post=1005467"},{"taxonomy":"post_tag","embeddable":true,"href":"https:\/\/dimensionturistica.com\/es\/wp-json\/wp\/v2\/tags?post=1005467"}],"curies":[{"name":"wp","href":"https:\/\/api.w.org\/{rel}","templated":true}]}}