{"id":1003853,"date":"2025-07-03T10:17:42","date_gmt":"2025-07-03T10:17:42","guid":{"rendered":"https:\/\/dimensionturistica.com\/es\/?p=1003853"},"modified":"2025-07-03T10:17:42","modified_gmt":"2025-07-03T10:17:42","slug":"actualidad-turistica-informacion-esencial-para-profesionales-del-sector-15","status":"publish","type":"post","link":"https:\/\/dimensionturistica.com\/es\/actualidad-turistica-informacion-esencial-para-profesionales-del-sector-15\/","title":{"rendered":"Actualidad Tur\u00edstica: Informaci\u00f3n Esencial para Profesionales del Sector"},"content":{"rendered":"<h3>Descubre Nuevas Aventuras con los Viajes del Imserso<\/h3>\n<p>La temporada de viajes del Imserso est\u00e1 a punto de comenzar y, con ella, una variedad de destinos y experiencias dise\u00f1adas especialmente para nuestros mayores. A partir del 1 de julio, se abrir\u00e1 el plazo para inscribirse en este atractivo programa que promueve la movilidad y el bienestar de las personas jubiladas en Espa\u00f1a.<\/p>\n<h4>Una Oportunidad para Reconectar<\/h4>\n<p>Despu\u00e9s de un periodo de restricciones por la pandemia, el Imserso ha renovado su compromiso para ofrecer a las personas mayores la posibilidad de viajar, conocer nuevas culturas y disfrutar de momentos de esparcimiento. Estos viajes no solo son una excelente forma de relajarse, sino que tambi\u00e9n fomentan el encuentro social, permitiendo que los participantes hagan nuevos amigos y compartan vivencias enriquecedoras.<\/p>\n<h4>Rutas que Inspiran<\/h4>\n<p>La oferta es variada y se adapta a todos los gustos. Desde rutas culturales por las ciudades m\u00e1s emblem\u00e1ticas del pa\u00eds, hasta escapadas a la playa o a la monta\u00f1a, los programas est\u00e1n dise\u00f1ados para que cada viajero pueda encontrar algo que le apasione. Adem\u00e1s, muchos de los viajes incluyen gu\u00edas especializados, quienes est\u00e1n ah\u00ed para enriquecer la experiencia con an\u00e9cdotas y datos curiosos sobre cada destino.<\/p>\n<h4>Bienestar y Asesoramiento<\/h4>\n<p>Lo que distingue a este programa es la atenci\u00f3n puesta en la comodidad y el bienestar de los viajeros. Todos los paquetes vienen acompa\u00f1ados de apoyo log\u00edstico y asesoramiento, lo que asegura que los mayores se sientan seguros y bien cuidados en todo momento. Este enfoque integral es fundamental para fomentar una experiencia positiva y memorable.<\/p>\n<h4>Inscripciones Simples y Pr\u00e1cticas<\/h4>\n<p>Inscribirse en estos viajes es un proceso sencillo. Los interesados solo deben estar atentos al inicio del plazo el 1 de julio y acceder a la informaci\u00f3n a trav\u00e9s del portal del Imserso. La transparencia y facilidad del proceso son aspectos fundamentales que permiten a muchas personas dar el paso hacia nuevas aventuras.<\/p>\n<h4>Un Mundo de Posibilidades<\/h4>\n<p>Con el aumento del turismo accesible y un enfoque m\u00e1s inclusivo, el Imserso brinda a las personas mayores la oportunidad de redescubrir el mundo. Adem\u00e1s, el \u00e9xito de ediciones anteriores impuls\u00f3 la ampliaci\u00f3n de la oferta, lo que significa que cada a\u00f1o hay m\u00e1s opciones y destinos para que elijas.<\/p>\n<p>En resumen, si eres una persona mayor o conoces a alguien que lo sea, no pierdas la oportunidad de informarte sobre estos viajes. Es el momento ideal para salir de casa, explorar y disfrutar de lo que el mundo tiene para ofrecer. La nueva temporada de viajes del Imserso est\u00e1 a la vuelta de la esquina, y no querr\u00e1s quedarte sin ser parte de esta experiencia \u00fanica. \u00a1Prep\u00e1rate para hacer las maletas y viajar!<\/p>\n<p><em> &#8221; Sources www.agenttravel.es &#8221; <\/em><\/p>\n<p><em> &#8221; Sources www.agenttravel.es &#8221; <\/em><\/p>\n","protected":false},"excerpt":{"rendered":"<p>Descubre Nuevas Aventuras con los Viajes del Imserso La temporada de viajes del Imserso est\u00e1 a punto de comenzar y, con ella, una variedad de destinos y experiencias dise\u00f1adas especialmente para nuestros mayores. A partir del 1 de julio, se abrir\u00e1 el plazo para inscribirse en este atractivo programa que promueve la movilidad y el [&hellip;]<\/p>\n","protected":false},"author":4,"featured_media":1001228,"comment_status":"open","ping_status":"closed","sticky":false,"template":"","format":"standard","meta":{"om_disable_all_campaigns":false,"jnews-multi-image_gallery":[],"jnews_single_post":[],"jnews_primary_category":[],"jnews_social_meta":[],"footnotes":""},"categories":[40],"tags":[569,21191,9288,47338,47339,715,1289,47340,39936,6942,21552,47337,773,26265,5794,18737,2182,233517,1488],"class_list":["post-1003853","post","type-post","status-publish","format-standard","has-post-thumbnail","hentry","category-industria","tag-agencias-de-viajes","tag-agente-de-viajes","tag-companias-aereas","tag-diario-de-turismo","tag-diario-turistico","tag-economia","tag-hoteles","tag-informacion-de-turismo","tag-informacion-turistica","tag-mayoristas","tag-noticias-de-turismo","tag-noticias-turisticas","tag-opinion","tag-rent-a-car","tag-sector-aereo","tag-seguros-de-viaje","tag-tendencias","tag-turismo-noticias-agencia-de-viajes-profesionales-del-turismo-viajes-actualidad-turistica-sector-turistico-informacion-turistica-tendencias-de-viajes-servicios-turisticos","tag-turoperadores"],"_links":{"self":[{"href":"https:\/\/dimensionturistica.com\/es\/wp-json\/wp\/v2\/posts\/1003853","targetHints":{"allow":["GET"]}}],"collection":[{"href":"https:\/\/dimensionturistica.com\/es\/wp-json\/wp\/v2\/posts"}],"about":[{"href":"https:\/\/dimensionturistica.com\/es\/wp-json\/wp\/v2\/types\/post"}],"author":[{"embeddable":true,"href":"https:\/\/dimensionturistica.com\/es\/wp-json\/wp\/v2\/users\/4"}],"replies":[{"embeddable":true,"href":"https:\/\/dimensionturistica.com\/es\/wp-json\/wp\/v2\/comments?post=1003853"}],"version-history":[{"count":0,"href":"https:\/\/dimensionturistica.com\/es\/wp-json\/wp\/v2\/posts\/1003853\/revisions"}],"wp:featuredmedia":[{"embeddable":true,"href":"https:\/\/dimensionturistica.com\/es\/wp-json\/wp\/v2\/media\/1001228"}],"wp:attachment":[{"href":"https:\/\/dimensionturistica.com\/es\/wp-json\/wp\/v2\/media?parent=1003853"}],"wp:term":[{"taxonomy":"category","embeddable":true,"href":"https:\/\/dimensionturistica.com\/es\/wp-json\/wp\/v2\/categories?post=1003853"},{"taxonomy":"post_tag","embeddable":true,"href":"https:\/\/dimensionturistica.com\/es\/wp-json\/wp\/v2\/tags?post=1003853"}],"curies":[{"name":"wp","href":"https:\/\/api.w.org\/{rel}","templated":true}]}}