{"id":100157,"date":"2021-03-22T19:35:24","date_gmt":"2021-03-22T19:35:24","guid":{"rendered":"https:\/\/dimensionturistica.com\/es\/?p=100157"},"modified":"2021-03-22T19:35:25","modified_gmt":"2021-03-22T19:35:25","slug":"cozumel-el-primero-en-recibir-cruceros-en-el-caribe","status":"publish","type":"post","link":"https:\/\/dimensionturistica.com\/es\/cozumel-el-primero-en-recibir-cruceros-en-el-caribe\/","title":{"rendered":"Cozumel, el primero en recibir cruceros en el Caribe"},"content":{"rendered":"<p> <br \/>\n<\/p>\n<div>\n<p><strong><em>Canc\u00fan, Quintana Roo, 22 de marzo de 2021.-<\/em><\/strong> En el marco de la reactivaci\u00f3n del turismo internacional, el gobernador de Quintana Roo, Carlos Joaqu\u00edn Gonz\u00e1lez, celebr\u00f3 que, a partir de junio pr\u00f3ximo, los cruceros que tienen desembarque en la entidad reiniciar\u00e1n actividades con estrictos protocolos sanitarios.<\/p>\n<p>\u201cCon el gusto de comunicarles que Cozumel ser\u00e1 el primer destino de M\u00e9xico y el Caribe en reactivar el turismo de cruceros. Hoy Royal Caribbean anunci\u00f3 su regreso a la isla para el mes de junio. \u00a1Enhorabuena para las y los cozumele\u00f1os! No bajemos la guardia\u201d, se\u00f1al\u00f3 el mandatario estatal.<\/p>\n<p>La noticia se confirma luego de que la compa\u00f1\u00eda de cruceros anunciar\u00e1 este s\u00e1bado una serie de itinerarios de 7 noches a bordo del Journey of the Seas, que zarpar\u00e1 desde Nassau, en Bahamas, el 12 de junio de 2021 y tocar\u00e1 puerto en la isla de Cozumel.\u00a0<\/p>\n<p>Por su parte, la secretaria de Turismo de la entidad, Marisol Vanegas P\u00e9rez, se\u00f1al\u00f3 que Quintana Roo est\u00e1 listo para la reactivaci\u00f3n de dicho sector. Hemos trabajado sin descanso, desde el inicio de la pandemia, para mantener la calidad de nuestros destinos, especialmente en el tema de protecci\u00f3n y prevenci\u00f3n sanitaria de las instalaciones tur\u00edsticas. Desde agosto de 2020, preparamos el Protocolo para Destinos de Cruceros, el cual ha sido implementado por el sector tur\u00edstico de Cozumel, lo que facilita la llegada de m\u00e1s turistas; generando as\u00ed, m\u00e1s y mejores oportunidades para los quintanarroenses.<\/p>\n<p>Al respecto, el presidente municipal de Cozumel, Pedro Joaqu\u00edn Delbouis, dijo que \u201cla gente de Cozumel se caracteriza por ser participativa, ha estado de la mano con nosotros en esta dura batalla contra el COVID-19, se lo hemos reconocido muchas veces, y nuestro compromiso es, no s\u00f3lo regresar al Cozumel de antes, sino ser mucho mejores; el regreso de la primera l\u00ednea de cruceros a la isla, con esta buena noticia, nos compromete a\u00fan m\u00e1s a seguir trabajando por ellos\u201d.<\/p>\n<p>Royal Caribbean inform\u00f3 que las embarcaciones navegar\u00e1n con tripulaci\u00f3n vacunada y estar\u00e1n disponibles para hu\u00e9spedes adultos que est\u00e9n vacunados contra COVID-19, y para aquellos menores de 18 a\u00f1os con resultados negativos de pruebas diagn\u00f3sticas de COVID.<\/p>\n<p>\u201cEstamos emocionados de volver a ofrecer unas vacaciones inolvidables en el Caribe, de forma gradual y segura. Las vacunas son claramente un cambio de panorama para todos nosotros, y con la cantidad de vacunas y su impacto creciendo r\u00e1pidamente, creemos que comenzar con cruceros para hu\u00e9spedes adultos vacunados y tripulaci\u00f3n es la elecci\u00f3n correcta. A medida que avanzamos, contamos con que este requisito y otras medidas evolucionar\u00e1n inevitablemente\u201d, dijo Michael Bayley, Presidente y CEO de la compa\u00f1\u00eda.<\/p>\n<figure class=\"wp-block-image size-large\"><img decoding=\"async\" loading=\"lazy\" width=\"708\" height=\"356\" src=\"https:\/\/i0.wp.com\/www.cancunmio.com\/wp-content\/uploads\/2021\/03\/cruceros-Cozumel-2.jpg?resize=708%2C356&amp;ssl=1\" alt=\"\" class=\"wp-image-178252 jetpack-lazy-image\" data-recalc-dims=\"1\" data-lazy-srcset=\"https:\/\/i0.wp.com\/www.cancunmio.com\/wp-content\/uploads\/2021\/03\/cruceros-Cozumel-2.jpg?w=1200&amp;ssl=1 1200w, https:\/\/i0.wp.com\/www.cancunmio.com\/wp-content\/uploads\/2021\/03\/cruceros-Cozumel-2.jpg?resize=300%2C151&amp;ssl=1 300w, https:\/\/i0.wp.com\/www.cancunmio.com\/wp-content\/uploads\/2021\/03\/cruceros-Cozumel-2.jpg?resize=768%2C386&amp;ssl=1 768w\" data-lazy-sizes=\"(max-width: 708px) 100vw, 708px\" data-lazy-src=\"https:\/\/i0.wp.com\/www.cancunmio.com\/wp-content\/uploads\/2021\/03\/cruceros-Cozumel-2.jpg?resize=708%2C356&amp;is-pending-load=1#038;ssl=1\" srcset=\"https:\/\/www.cancunmio.com\/data:image\/gif;base64,https:\/\/www.cancunmio.com\/R0lGODlhAQABAIAAAAAAAP\/\/\/yH5BAEAAAAALAAAAAABAAEAAAIBRAA7\"\/><noscript><img decoding=\"async\" loading=\"lazy\" width=\"708\" height=\"356\" src=\"https:\/\/i0.wp.com\/www.cancunmio.com\/wp-content\/uploads\/2021\/03\/cruceros-Cozumel-2.jpg?resize=708%2C356&amp;ssl=1\" alt=\"\" class=\"wp-image-178252\" srcset=\"https:\/\/i0.wp.com\/www.cancunmio.com\/wp-content\/uploads\/2021\/03\/cruceros-Cozumel-2.jpg?w=1200&amp;ssl=1 1200w, https:\/\/i0.wp.com\/www.cancunmio.com\/wp-content\/uploads\/2021\/03\/cruceros-Cozumel-2.jpg?resize=300%2C151&amp;ssl=1 300w, https:\/\/i0.wp.com\/www.cancunmio.com\/wp-content\/uploads\/2021\/03\/cruceros-Cozumel-2.jpg?resize=768%2C386&amp;ssl=1 768w\" sizes=\"auto, (max-width: 708px) 100vw, 708px\" data-recalc-dims=\"1\"\/><\/noscript><\/figure>\n<\/p><\/div>\n<p><script data-cfasync=\"false\">(function(d, s, id){\n\t\t\t\t\t  var js, fjs = d.getElementsByTagName(s)[0];\n\t\t\t\t\t  if (d.getElementById(id)) return;\n\t\t\t\t\t  js = d.createElement(s); js.id = id;\n\t\t\t\t\t  js.src = \"https:\/\/connect.facebook.net\/es_ES\/sdk.js#xfbml=1&version=v3.2\";\n\t\t\t\t\t  fjs.parentNode.insertBefore(js, fjs);\n\t\t\t\t\t}(document, 'script', 'facebook-jssdk'));<\/script><br \/>\n<br \/><\/p>\n<p><em> &#8221; Fuentes www.cancunmio.com &#8221; <\/em><\/p>\n","protected":false},"excerpt":{"rendered":"<p>Canc\u00fan, Quintana Roo, 22 de marzo de 2021.- En el marco de la reactivaci\u00f3n del turismo internacional, el gobernador de Quintana Roo, Carlos Joaqu\u00edn Gonz\u00e1lez, celebr\u00f3 que, a partir de junio pr\u00f3ximo, los cruceros que tienen desembarque en la entidad reiniciar\u00e1n actividades con estrictos protocolos sanitarios. \u201cCon el gusto de comunicarles que Cozumel ser\u00e1 el [&hellip;]<\/p>\n","protected":false},"author":4,"featured_media":100158,"comment_status":"open","ping_status":"closed","sticky":false,"template":"","format":"standard","meta":{"om_disable_all_campaigns":false,"jnews-multi-image_gallery":[],"jnews_single_post":[],"jnews_primary_category":[],"jnews_social_meta":[],"footnotes":""},"categories":[39],"tags":[1065,2151,544],"class_list":["post-100157","post","type-post","status-publish","format-standard","has-post-thumbnail","hentry","category-viajes","tag-cozumel","tag-principal","tag-turismo"],"_links":{"self":[{"href":"https:\/\/dimensionturistica.com\/es\/wp-json\/wp\/v2\/posts\/100157","targetHints":{"allow":["GET"]}}],"collection":[{"href":"https:\/\/dimensionturistica.com\/es\/wp-json\/wp\/v2\/posts"}],"about":[{"href":"https:\/\/dimensionturistica.com\/es\/wp-json\/wp\/v2\/types\/post"}],"author":[{"embeddable":true,"href":"https:\/\/dimensionturistica.com\/es\/wp-json\/wp\/v2\/users\/4"}],"replies":[{"embeddable":true,"href":"https:\/\/dimensionturistica.com\/es\/wp-json\/wp\/v2\/comments?post=100157"}],"version-history":[{"count":0,"href":"https:\/\/dimensionturistica.com\/es\/wp-json\/wp\/v2\/posts\/100157\/revisions"}],"wp:featuredmedia":[{"embeddable":true,"href":"https:\/\/dimensionturistica.com\/es\/wp-json\/wp\/v2\/media\/100158"}],"wp:attachment":[{"href":"https:\/\/dimensionturistica.com\/es\/wp-json\/wp\/v2\/media?parent=100157"}],"wp:term":[{"taxonomy":"category","embeddable":true,"href":"https:\/\/dimensionturistica.com\/es\/wp-json\/wp\/v2\/categories?post=100157"},{"taxonomy":"post_tag","embeddable":true,"href":"https:\/\/dimensionturistica.com\/es\/wp-json\/wp\/v2\/tags?post=100157"}],"curies":[{"name":"wp","href":"https:\/\/api.w.org\/{rel}","templated":true}]}}